{"id":20179,"__str__":"Requerimento n\u00ba 169 de 2020 | Proposi\u00e7\u00e3o inclu\u00edda na Ordem do Dia | 05/06/2020","link_detail_backend":"/materia/tramitacao/20179","metadata":{},"timestamp":"2020-06-08T20:33:23.227632-03:00","data_tramitacao":"2020-06-05","data_encaminhamento":"2020-06-08","urgente":false,"turno":"U","texto":"Aguardando leitura, discuss\u00e3o e vota\u00e7\u00e3o.","data_fim_prazo":null,"ip":"177.220.173.213","ultima_edicao":"2020-06-08T20:33:21.858500-03:00","status":3,"materia":6453,"unidade_tramitacao_local":18,"unidade_tramitacao_destino":7,"user":70}