{"id":122951,"__str__":"Presta\u00e7\u00e3o de Contas n\u00ba 2 de 2025 | Proposi\u00e7\u00e3o inclu\u00edda na Ordem do Dia para 2\u00aa Vota\u00e7\u00e3o | 29/08/2025","link_detail_backend":"/materia/tramitacao/122951","metadata":{},"timestamp":"2025-08-29T16:22:37.135841-03:00","data_tramitacao":"2025-08-29","data_encaminhamento":"2025-09-02","urgente":false,"turno":"S","texto":"Proposi\u00e7\u00e3o inclu\u00edda na Ordem do Dia da 27\u00aa Sess\u00e3o Ordin\u00e1ria da 19\u00aa Legislatura, aguardando 2\u00aa discuss\u00e3o e vota\u00e7\u00e3o.","data_fim_prazo":null,"ip":"200.195.144.34","ultima_edicao":"2025-08-29T16:22:36.023438-03:00","status":93,"materia":17063,"unidade_tramitacao_local":18,"unidade_tramitacao_destino":7,"user":107}