{"id":9747,"__str__":"Mo\u00e7\u00e3o n\u00ba 9 de 2022","link_detail_backend":"/materia/9747","metadata":{},"numero":9,"ano":2022,"numero_protocolo":null,"data_apresentacao":"2022-04-26","tipo_apresentacao":"E","data_publicacao":null,"numero_origem_externa":"","ano_origem_externa":null,"data_origem_externa":null,"apelido":"","dias_prazo":null,"data_fim_prazo":null,"em_tramitacao":false,"polemica":false,"objeto":"","complementar":false,"ementa":"Requer \u00e0 mesa, na forma regimental, que seja inserida na Ata dos Trabalhos desta sess\u00e3o, Mo\u00e7\u00e3o de Rep\u00fadio em face ao Senhor Governador do Estado do Paran\u00e1 Carlos Massa Ratinho J\u00fanior e senhor Secret\u00e1rio de Educa\u00e7\u00e3o do Estado do Paran\u00e1, Renato Feder, pela forma em que as aulas do curso t\u00e9cnico realizadas no Col\u00e9gio J\u00falio Szymanski vem sendo ministradas.","indexacao":"Mo\u00e7\u00e3o de Rep\u00fadio, Governador do Estado do Paran\u00e1, Carlos Massa Ratinho J\u00fanior, Secret\u00e1rio de Educa\u00e7\u00e3o do Estado do Paran\u00e1, Renato Feder","observacao":"Protocolo n\u00ba 9457/2022","resultado":"","texto_original":"http://sapl.araucaria.pr.leg.br/media/sapl/public/materialegislativa/2022/9747/mocao_09-2022.pdf","data_ultima_atualizacao":"2022-09-01T11:44:31.204199-03:00","ip":"168.90.49.122","ultima_edicao":"2022-04-26T08:45:18.786649-03:00","tipo":7,"regime_tramitacao":6,"tipo_origem_externa":null,"local_origem_externa":null,"user":70,"anexadas":[],"autores":[68]}