{"id":8062,"__str__":"Mo\u00e7\u00e3o n\u00ba 20 de 2021","link_detail_backend":"/materia/8062","metadata":{},"numero":20,"ano":2021,"numero_protocolo":null,"data_apresentacao":"2021-06-29","tipo_apresentacao":"E","data_publicacao":null,"numero_origem_externa":"","ano_origem_externa":null,"data_origem_externa":null,"apelido":"","dias_prazo":null,"data_fim_prazo":null,"em_tramitacao":false,"polemica":false,"objeto":"","complementar":false,"ementa":"Protesta ao Governador do Estado do Paran\u00e1, Excelent\u00edssimo Senhor Carlos Roberto Massa J\u00fanior, contra a institui\u00e7\u00e3o do instituto de Licen\u00e7a Pr\u00eamio Exclusiva aos servidores do Minist\u00e9rio P\u00fablico do Estado do Paran\u00e1.","indexacao":"Protesta, Governador do Estado do Paran\u00e1, Carlos Roberto Massa J\u00fanior, Licen\u00e7a Pr\u00eamio, Minist\u00e9rio P\u00fablico do Estado do Paran\u00e1","observacao":"Protocolo n\u00ba 14398/2021","resultado":"","texto_original":"http://sapl.araucaria.pr.leg.br/media/sapl/public/materialegislativa/2021/8062/mocao_20-2021.pdf","data_ultima_atualizacao":"2021-08-27T10:59:43.441825-03:00","ip":"168.90.49.122","ultima_edicao":"2021-07-02T15:55:09.357249-03:00","tipo":7,"regime_tramitacao":6,"tipo_origem_externa":null,"local_origem_externa":null,"user":70,"anexadas":[],"autores":[27]}