{"id":6526,"__str__":"Projeto de Lei Ordin\u00e1ria n\u00ba 110 de 2019","link_detail_backend":"/materia/6526","metadata":{},"numero":110,"ano":2019,"numero_protocolo":null,"data_apresentacao":"2019-11-05","tipo_apresentacao":"","data_publicacao":null,"numero_origem_externa":"","ano_origem_externa":null,"data_origem_externa":null,"apelido":"","dias_prazo":null,"data_fim_prazo":null,"em_tramitacao":false,"polemica":null,"objeto":"","complementar":null,"ementa":"Disp\u00f5e sobre a isen\u00e7\u00e3o dado pagamento do imposto predial e territorial urbano (IPTU) ao im\u00f3vel habitado por portador de doen\u00e7a grave e d\u00e1 potras provid\u00eancias.","indexacao":"isen\u00e7\u00e3o,  imposto predial e territorial urbano (IPTU), portador de doen\u00e7a grave","observacao":"Protocolo n\u00b0 5849/2019","resultado":"","texto_original":null,"data_ultima_atualizacao":"2020-09-28T11:15:22.939212-03:00","ip":"189.32.6.1","ultima_edicao":"2020-06-23T09:30:04.546915-03:00","tipo":1,"regime_tramitacao":6,"tipo_origem_externa":null,"local_origem_externa":null,"user":77,"anexadas":[],"autores":[23]}