{"id":6293,"__str__":"Relat\u00f3rio n\u00ba 1 de 2020","link_detail_backend":"/materia/6293","metadata":{},"numero":1,"ano":2020,"numero_protocolo":null,"data_apresentacao":"2020-04-30","tipo_apresentacao":"E","data_publicacao":null,"numero_origem_externa":"","ano_origem_externa":null,"data_origem_externa":null,"apelido":"","dias_prazo":null,"data_fim_prazo":null,"em_tramitacao":true,"polemica":null,"objeto":"","complementar":null,"ementa":"Relat\u00f3rio Circunstanciado das atividades desenvolvidas pelo Centro de Integra\u00e7\u00e3o Empresa-Escola no ano 2019.","indexacao":"","observacao":"Relat\u00f3rio de entidade remetido ao Plen\u00e1rio para ci\u00eancia.","resultado":"","texto_original":null,"data_ultima_atualizacao":"2020-05-20T15:28:39.746572-03:00","ip":"168.90.49.122","ultima_edicao":"2020-05-04T16:37:57.814603-03:00","tipo":23,"regime_tramitacao":6,"tipo_origem_externa":null,"local_origem_externa":null,"user":73,"anexadas":[],"autores":[]}