{"id":259,"__str__":"Indica\u00e7\u00e3o n\u00ba 148 de 2014","link_detail_backend":"/materia/259","metadata":{},"numero":148,"ano":2014,"numero_protocolo":387,"data_apresentacao":"2014-05-29","tipo_apresentacao":"E","data_publicacao":null,"numero_origem_externa":"","ano_origem_externa":null,"data_origem_externa":null,"apelido":"","dias_prazo":null,"data_fim_prazo":null,"em_tramitacao":false,"polemica":false,"objeto":"","complementar":false,"ementa":"SOLICITA A REVITALIZA\u00c7\u00c3O ASF\u00c1LTICA, CAL\u00c7AMENTO, ARBORIZA\u00c7\u00c3O E ILUMINA\u00c7\u00c3O P\u00daBLICA DA RUA JO\u00c3O WALESKI, JARDIM DOS PINHEIRAIS.","indexacao":"REVITALIZA\u00c7\u00c3O CAL\u00c7AMENTO","observacao":"REQUERIMENTO N\u00ba 016/2014\r\nPROCESSO LEGISLATIVO N\u00ba 086/2014 DISPON\u00cdVEL NO DEPARTAMENTO DE PROCESSO LEGISLATIVO - DEPROLE DA C\u00c2MARA.","resultado":"","texto_original":"http://sapl.araucaria.pr.leg.br/media/sapl/public/materialegislativa/2014/259/259_texto_integral.pdf","data_ultima_atualizacao":"2018-09-27T12:11:15.841071-03:00","ip":"","ultima_edicao":null,"tipo":8,"regime_tramitacao":6,"tipo_origem_externa":null,"local_origem_externa":null,"user":null,"anexadas":[],"autores":[16]}