{"id":18080,"__str__":"Indica\u00e7\u00e3o n\u00ba 2595 de 2025","link_detail_backend":"/materia/18080","metadata":{"signs":{"texto_original":{"admin":[],"autores":[["Olizandro Jos\u00e9 Ferreira Junior:071.523.359-90 1",["2025-08-05T15:26:23-03:00","PREFEITURA MUNICIPAL DE ARAUC\u00c1RIA"]]]}}},"numero":2595,"ano":2025,"numero_protocolo":null,"data_apresentacao":"2025-08-06","tipo_apresentacao":"E","data_publicacao":null,"numero_origem_externa":"","ano_origem_externa":null,"data_origem_externa":null,"apelido":"","dias_prazo":null,"data_fim_prazo":null,"em_tramitacao":true,"polemica":false,"objeto":"INDICA\u00c7\u00c3O","complementar":false,"ementa":"Indico a Mesa Executiva que seja encaminhado expediente ao Poder Executivo Municipal para que atrav\u00e9s da Secretaria competente, a cria\u00e7\u00e3o do programa \u201cMeu Primeiro Voto\u201d, com foco na educa\u00e7\u00e3o pol\u00edtica e cidad\u00e3 de jovens em idade de alistamento eleitoral, com \u00eanfase nos alunos do Ensino M\u00e9dio da rede P\u00fablica.","indexacao":"cria\u00e7\u00e3o do programa \u201cMeu Primeiro Voto\u201d, com foco na educa\u00e7\u00e3o pol\u00edtica e cidad\u00e3 de jovens em idade de alistamento eleitoral, com \u00eanfase nos alunos do Ensino M\u00e9dio da rede P\u00fablica.","observacao":"INDICA\u00c7\u00c3O 2595-2025 PROT 116476-2025","resultado":"","texto_original":"http://sapl.araucaria.pr.leg.br/media/sapl/public/materialegislativa/2025/18080/indicacao_2595-2025_prot_116476-2025.pdf","data_ultima_atualizacao":"2025-08-19T16:32:58.188853-03:00","ip":"200.195.144.34","ultima_edicao":"2025-08-06T14:00:48.995008-03:00","tipo":8,"regime_tramitacao":6,"tipo_origem_externa":null,"local_origem_externa":null,"user":107,"anexadas":[],"autores":[92]}