{"id":17481,"__str__":"Projeto de Lei Ordin\u00e1ria n\u00ba 231 de 2025","link_detail_backend":"/materia/17481","metadata":{"signs":{"texto_original":{"admin":[],"autores":[["Sebastiao Valter Fernandes:813.551.739-49 1",["2025-06-05T13:58:34-03:00","PREFEITURA MUNICIPAL DE ARAUC\u00c1RIA"]]]}}},"numero":231,"ano":2025,"numero_protocolo":null,"data_apresentacao":"2025-06-09","tipo_apresentacao":"E","data_publicacao":null,"numero_origem_externa":"","ano_origem_externa":null,"data_origem_externa":null,"apelido":"","dias_prazo":null,"data_fim_prazo":null,"em_tramitacao":true,"polemica":false,"objeto":"PROJETO DE LEI","complementar":false,"ementa":"Institui, no \u00e2mbito do Munic\u00edpio de Arauc\u00e1ria, a Pol\u00edtica Municipal de Promo\u00e7\u00e3o da Empregabilidade e Inclus\u00e3o de Pessoas com Defici\u00eancia \u201cInclus\u00e3o que Transforma\u201d e d\u00e1 outras provid\u00eancias.","indexacao":"Pol\u00edtica Municipal de Promo\u00e7\u00e3o da Empregabilidade e Inclus\u00e3o de Pessoas com Defici\u00eancia \u201cInclus\u00e3o que Transforma\u201d","observacao":"PROJETO DE LEI 231-2025 PROT 88893-2025","resultado":"","texto_original":"http://sapl.araucaria.pr.leg.br/media/sapl/public/materialegislativa/2025/17481/projeto_de_lei_231-2025_prot_88893-2025.pdf","data_ultima_atualizacao":"2025-08-18T15:01:54.295486-03:00","ip":"177.36.190.83","ultima_edicao":"2025-06-09T15:37:41.604559-03:00","tipo":1,"regime_tramitacao":6,"tipo_origem_externa":null,"local_origem_externa":null,"user":107,"anexadas":[],"autores":[70]}