{"id":15235,"__str__":"Projeto de Lei Ordin\u00e1ria n\u00ba 220 de 2024","link_detail_backend":"/materia/15235","metadata":{"signs":{"texto_original":{"admin":[],"autores":[["Ricardo Teixeira de Oliveira:030.676.329-07 1",["2024-11-25T16:27:48-03:00","PREFEITURA MUNICIPAL DE ARAUC\u00c1RIA"]]]}}},"numero":220,"ano":2024,"numero_protocolo":null,"data_apresentacao":"2024-11-26","tipo_apresentacao":"E","data_publicacao":null,"numero_origem_externa":"","ano_origem_externa":null,"data_origem_externa":null,"apelido":"","dias_prazo":null,"data_fim_prazo":null,"em_tramitacao":true,"polemica":false,"objeto":"PROJETO DE LEI","complementar":false,"ementa":"AUTORIZA A CRIA\u00c7\u00c3O DA CRECHE PARA IDOSOS, NO \u00c2MBITO DO MUNIC\u00cdPIO DE ARAUC\u00c1RIA, E DA OUTRAS PROVID\u00caNCIAS.\u201d","indexacao":"CRIA\u00c7\u00c3O, CRECHE, IDOSOS","observacao":"Processo n\u00ba 165902/2024","resultado":"","texto_original":"http://sapl.araucaria.pr.leg.br/media/sapl/public/materialegislativa/2024/15235/projeto_de_lei_no_220-2024_prot_165902-2024.pdf","data_ultima_atualizacao":"2024-12-02T15:08:31.751157-03:00","ip":"177.36.190.83","ultima_edicao":"2024-11-26T08:45:26.176700-03:00","tipo":1,"regime_tramitacao":6,"tipo_origem_externa":null,"local_origem_externa":null,"user":115,"anexadas":[],"autores":[68]}