{"id":13249,"__str__":"Emenda n\u00ba 108 de 2023","link_detail_backend":"/materia/13249","metadata":{"signs":{"texto_original":{"admin":[],"autores":[["Vilson Cordeiro:037.688.759-11 1",["2023-08-24T15:57:10-03:00","MUNICIPIO DE ARAUCARIA - PREFEITURA"]]]}}},"numero":108,"ano":2023,"numero_protocolo":null,"data_apresentacao":"2023-08-24","tipo_apresentacao":"E","data_publicacao":null,"numero_origem_externa":"","ano_origem_externa":null,"data_origem_externa":null,"apelido":"","dias_prazo":null,"data_fim_prazo":null,"em_tramitacao":true,"polemica":false,"objeto":"","complementar":false,"ementa":"Emenda Modificativa ao Projeto de Lei n\u00ba 164/2023, que \u201cInstitui o Dia do Cuidador de Idoso no Calend\u00e1rio Oficial do Munic\u00edpio de Arauc\u00e1ria e d\u00e1 outras provid\u00eancias.\u201d","indexacao":"","observacao":"","resultado":"","texto_original":"http://sapl.araucaria.pr.leg.br/media/sapl/public/materialegislativa/2023/13249/emenda_modificativa_pl_164.pdf","data_ultima_atualizacao":"2024-05-07T14:19:09.226428-03:00","ip":"168.90.49.122","ultima_edicao":"2023-10-11T10:20:35.916859-03:00","tipo":4,"regime_tramitacao":6,"tipo_origem_externa":null,"local_origem_externa":null,"user":108,"anexadas":[],"autores":[66]}