{"id":12799,"__str__":"Projeto de Lei Ordin\u00e1ria n\u00ba 2585 de 2023","link_detail_backend":"/materia/12799","metadata":{"signs":{"texto_original":{"admin":[],"autores":[["Hissam Hussein Dehaini",["2023-07-31T16:37:22-03:00","ICP-Brasil"]]]}}},"numero":2585,"ano":2023,"numero_protocolo":null,"data_apresentacao":"2023-08-01","tipo_apresentacao":"E","data_publicacao":null,"numero_origem_externa":"","ano_origem_externa":null,"data_origem_externa":null,"apelido":"","dias_prazo":null,"data_fim_prazo":null,"em_tramitacao":false,"polemica":false,"objeto":"Projeto de lei","complementar":false,"ementa":"Disp\u00f5e sobre o Plano de Cargos, Carreiras e Remunera\u00e7\u00e3o, com a cria\u00e7\u00e3o do Quadro dos Profissionais da Sa\u00fade do Munic\u00edpio de Arauc\u00e1ria, que especifica, reenquadra cargos institu\u00eddos pela Lei n\u00ba 1.704, de 11 de dezembro de 2006, institui o respectivo regime de remunera\u00e7\u00e3o por subs\u00eddio e d\u00e1 outras provid\u00eancias.","indexacao":"Disp\u00f5e sobre o Plano de Cargos, Carreiras e Remunera\u00e7\u00e3o, com a cria\u00e7\u00e3o do Quadro dos Profissionais da Sa\u00fade do Munic\u00edpio de Arauc\u00e1ria","observacao":"PROCESSO 100902/2023","resultado":"","texto_original":"http://sapl.araucaria.pr.leg.br/media/sapl/public/materialegislativa/2023/12799/projeto_de_lei_2585-2023_prot_100902-2023.pdf","data_ultima_atualizacao":"2023-08-15T16:28:27.156367-03:00","ip":"168.90.49.122","ultima_edicao":"2023-08-01T08:32:04.760729-03:00","tipo":1,"regime_tramitacao":6,"tipo_origem_externa":null,"local_origem_externa":null,"user":107,"anexadas":[],"autores":[25]}