{"id":11519,"__str__":"Projeto de Lei Ordin\u00e1ria n\u00ba 47 de 2023","link_detail_backend":"/materia/11519","metadata":{},"numero":47,"ano":2023,"numero_protocolo":null,"data_apresentacao":"2023-01-25","tipo_apresentacao":"E","data_publicacao":null,"numero_origem_externa":"","ano_origem_externa":null,"data_origem_externa":null,"apelido":"","dias_prazo":null,"data_fim_prazo":null,"em_tramitacao":false,"polemica":false,"objeto":"Sa\u00fade","complementar":false,"ementa":"\u201cInstitui e inclui no calend\u00e1rio Municipal de eventos a campanha \"Janeiro branco\", de promo\u00e7\u00e3o da sa\u00fade mental.","indexacao":"Janeiro Branco, Sa\u00fade Mental, Calend\u00e1rio Municipal.","observacao":"Protocolo N\u00ba 1295/2023","resultado":"","texto_original":"http://sapl.araucaria.pr.leg.br/media/sapl/public/materialegislativa/2023/11519/projeto_de_lei_47-2023.pdf","data_ultima_atualizacao":"2023-05-04T10:06:16.370164-03:00","ip":"168.90.49.122","ultima_edicao":"2023-01-31T14:36:54.741700-03:00","tipo":1,"regime_tramitacao":6,"tipo_origem_externa":null,"local_origem_externa":null,"user":85,"anexadas":[],"autores":[36]}