{"id":10891,"__str__":"Projeto de Lei Ordin\u00e1ria n\u00ba 236 de 2022","link_detail_backend":"/materia/10891","metadata":{},"numero":236,"ano":2022,"numero_protocolo":null,"data_apresentacao":"2022-10-19","tipo_apresentacao":"E","data_publicacao":null,"numero_origem_externa":"","ano_origem_externa":null,"data_origem_externa":null,"apelido":"","dias_prazo":null,"data_fim_prazo":null,"em_tramitacao":true,"polemica":false,"objeto":"Regulamento - Sa\u00fade P\u00fablica","complementar":false,"ementa":"Disp\u00f5e sobre o direito do deficiente visual e da pessoa com transtorno do espectro autista \u2013 TEA de ingressar e permanecer em ambientes de uso coletivo acompanhado de c\u00e3o-guia, no \u00e2mbito do munic\u00edpio de Arauc\u00e1ria.","indexacao":"deficiente visual, transtorno do espectro autista \u2013 TEA, c\u00e3o-guia","observacao":"Protocolo n\u00ba 24615/2022","resultado":"","texto_original":"http://sapl.araucaria.pr.leg.br/media/sapl/public/materialegislativa/2022/10891/projeto_de_lei_236-2022.pdf","data_ultima_atualizacao":"2022-11-07T13:42:47.928020-03:00","ip":"168.90.49.122","ultima_edicao":"2022-10-20T09:52:43.291844-03:00","tipo":1,"regime_tramitacao":6,"tipo_origem_externa":null,"local_origem_externa":null,"user":70,"anexadas":[],"autores":[36]}