{"id":2671,"__str__":"Comiss\u00f5es Permanentes","link_detail_backend":"/comissao/reuniao/2671","metadata":{"signs":{"upload_ata":{"admin":[],"autores":[["Celso Nicacio da Silva:962.692.606-63 9",["2025-06-04T13:59:16-03:00","PREFEITURA MUNICIPAL DE ARAUC\u00c1RIA"]],["Fabio Almeida Pavoni:052.381.579-40 3",["2025-06-04T11:38:48-03:00","PREFEITURA MUNICIPAL DE ARAUC\u00c1RIA"]],["Fabio Rodrigo Pedroso:030.911.689-99 4",["2025-06-04T11:49:20-03:00","PREFEITURA MUNICIPAL DE ARAUC\u00c1RIA"]],["Francisco Paulo de Oliveira:019.942.349-03 2",["2025-06-04T11:20:27-03:00","PREFEITURA MUNICIPAL DE ARAUC\u00c1RIA"]],["Gilmar Carlos Lisboa:786.651.249-34 11",["2025-06-04T14:02:15-03:00","PREFEITURA MUNICIPAL DE ARAUC\u00c1RIA"]],["Leandro Andrade Preto:034.842.229-64 5",["2025-06-04T12:05:34-03:00","PREFEITURA MUNICIPAL DE ARAUC\u00c1RIA"]],["Nilso Jose Vaz Torres:815.712.759-91 12",["2025-06-04T15:50:45-03:00","PREFEITURA MUNICIPAL DE ARAUC\u00c1RIA"]],["Olizandro Jos\u00e9 Ferreira Junior:071.523.359-90 7",["2025-06-04T13:20:07-03:00","PREFEITURA MUNICIPAL DE ARAUC\u00c1RIA"]],["Pedro Ferreira de Lima:633.689.869-53 8",["2025-06-04T13:27:34-03:00","PREFEITURA MUNICIPAL DE ARAUC\u00c1RIA"]],["Sebastiao Valter Fernandes:813.551.739-49 6",["2025-06-04T13:07:15-03:00","PREFEITURA MUNICIPAL DE ARAUC\u00c1RIA"]],["Vagner Jos\u00e9 Chefer:094.695.659-67 10",["2025-06-04T14:00:58-03:00","PREFEITURA MUNICIPAL DE ARAUC\u00c1RIA"]],["Vilson Cordeiro:037.688.759-11 1",["2025-06-04T11:15:47-03:00","PREFEITURA MUNICIPAL DE ARAUC\u00c1RIA"]]]}}},"numero":127,"nome":"Comiss\u00f5es Permanentes","tema":"Diversos","data":"2025-05-27","hora_inicio":"14:00:00","hora_fim":"15:00:00","local_reuniao":"Diprole","observacao":"","url_audio":"","url_video":"","upload_pauta":"http://sapl.araucaria.pr.leg.br/media/sapl/public/reuniao/2671/pauta/pauta_27-05-2025.pdf","upload_ata":"http://sapl.araucaria.pr.leg.br/media/sapl/public/reuniao/2671/ata/ata_n_36-2025_1.pdf","upload_anexo":null,"periodo":42,"comissao":25}