{"id":2584,"__str__":"Comiss\u00f5es Permanentes","link_detail_backend":"/comissao/reuniao/2584","metadata":{"signs":{"upload_ata":{"admin":[],"autores":[["Celso Nicacio da Silva:962.692.606-63 9",["2025-04-08T11:18:33-03:00","PREFEITURA MUNICIPAL DE ARAUC\u00c1RIA"]],["Fabio Almeida Pavoni:052.381.579-40 11",["2025-04-08T13:26:53-03:00","PREFEITURA MUNICIPAL DE ARAUC\u00c1RIA"]],["Fabio Rodrigo Pedroso:030.911.689-99 8",["2025-04-08T09:06:18-03:00","PREFEITURA MUNICIPAL DE ARAUC\u00c1RIA"]],["Francisco Paulo de Oliveira:019.942.349-03 3",["2025-04-07T16:31:50-03:00","PREFEITURA MUNICIPAL DE ARAUC\u00c1RIA"]],["Gilmar Carlos Lisboa:786.651.249-34 12",["2025-04-08T15:21:39-03:00","PREFEITURA MUNICIPAL DE ARAUC\u00c1RIA"]],["Leandro Andrade Preto:034.842.229-64 6",["2025-04-07T16:43:26-03:00","PREFEITURA MUNICIPAL DE ARAUC\u00c1RIA"]],["Nilso Jose Vaz Torres:815.712.759-91 7",["2025-04-08T08:43:48-03:00","PREFEITURA MUNICIPAL DE ARAUC\u00c1RIA"]],["Olizandro Jos\u00e9 Ferreira Junior:071.523.359-90 1",["2025-04-07T15:27:25-03:00","PREFEITURA MUNICIPAL DE ARAUC\u00c1RIA"]],["Pedro Ferreira de Lima:633.689.869-53 2",["2025-04-07T15:59:39-03:00","PREFEITURA MUNICIPAL DE ARAUC\u00c1RIA"]],["Sebastiao Valter Fernandes:813.551.739-49 4",["2025-04-07T16:39:27-03:00","PREFEITURA MUNICIPAL DE ARAUC\u00c1RIA"]],["Vagner Jos\u00e9 Chefer:094.695.659-67 10",["2025-04-08T13:17:44-03:00","PREFEITURA MUNICIPAL DE ARAUC\u00c1RIA"]],["Vilson Cordeiro:037.688.759-11 5",["2025-04-07T16:40:39-03:00","PREFEITURA MUNICIPAL DE ARAUC\u00c1RIA"]]]},"upload_anexo":{"admin":[],"autores":[["Celso Nicacio da Silva:962.692.606-63 9",["2025-04-08T11:18:33-03:00","PREFEITURA MUNICIPAL DE ARAUC\u00c1RIA"]],["Fabio Almeida Pavoni:052.381.579-40 11",["2025-04-08T13:26:53-03:00","PREFEITURA MUNICIPAL DE ARAUC\u00c1RIA"]],["Fabio Rodrigo Pedroso:030.911.689-99 8",["2025-04-08T09:06:18-03:00","PREFEITURA MUNICIPAL DE ARAUC\u00c1RIA"]],["Francisco Paulo de Oliveira:019.942.349-03 3",["2025-04-07T16:31:50-03:00","PREFEITURA MUNICIPAL DE ARAUC\u00c1RIA"]],["Gilmar Carlos Lisboa:786.651.249-34 12",["2025-04-08T15:21:39-03:00","PREFEITURA MUNICIPAL DE ARAUC\u00c1RIA"]],["Leandro Andrade Preto:034.842.229-64 6",["2025-04-07T16:43:26-03:00","PREFEITURA MUNICIPAL DE ARAUC\u00c1RIA"]],["Nilso Jose Vaz Torres:815.712.759-91 7",["2025-04-08T08:43:48-03:00","PREFEITURA MUNICIPAL DE ARAUC\u00c1RIA"]],["Olizandro Jos\u00e9 Ferreira Junior:071.523.359-90 1",["2025-04-07T15:27:25-03:00","PREFEITURA MUNICIPAL DE ARAUC\u00c1RIA"]],["Pedro Ferreira de Lima:633.689.869-53 2",["2025-04-07T15:59:39-03:00","PREFEITURA MUNICIPAL DE ARAUC\u00c1RIA"]],["Sebastiao Valter Fernandes:813.551.739-49 4",["2025-04-07T16:39:27-03:00","PREFEITURA MUNICIPAL DE ARAUC\u00c1RIA"]],["Vagner Jos\u00e9 Chefer:094.695.659-67 10",["2025-04-08T13:17:44-03:00","PREFEITURA MUNICIPAL DE ARAUC\u00c1RIA"]],["Vilson Cordeiro:037.688.759-11 5",["2025-04-07T16:40:39-03:00","PREFEITURA MUNICIPAL DE ARAUC\u00c1RIA"]]]}}},"numero":117,"nome":"Comiss\u00f5es Permanentes","tema":"Diversos","data":"2025-04-03","hora_inicio":"09:00:00","hora_fim":"10:00:00","local_reuniao":"","observacao":"","url_audio":"","url_video":"","upload_pauta":"http://sapl.araucaria.pr.leg.br/media/sapl/public/reuniao/2584/pauta/pauta_03-04-2025.pdf","upload_ata":"http://sapl.araucaria.pr.leg.br/media/sapl/public/reuniao/2584/ata/ata_n_21-2025.pdf","upload_anexo":"http://sapl.araucaria.pr.leg.br/media/sapl/public/reuniao/2584/anexo/ata_n_21-2025.pdf","periodo":42,"comissao":23}