{"id":2535,"__str__":"Comiss\u00f5es Permanentes","link_detail_backend":"/comissao/reuniao/2535","metadata":{"signs":{"upload_ata":{"admin":[],"autores":[["Celso Nicacio da Silva:962.692.606-63 6",["2025-05-12T13:17:36-03:00","PREFEITURA MUNICIPAL DE ARAUC\u00c1RIA"]],["Fabio Almeida Pavoni:052.381.579-40 12",["2025-05-13T10:46:37-03:00","PREFEITURA MUNICIPAL DE ARAUC\u00c1RIA"]],["Fabio Rodrigo Pedroso:030.911.689-99 5",["2025-05-12T11:17:55-03:00","PREFEITURA MUNICIPAL DE ARAUC\u00c1RIA"]],["Francisco Paulo de Oliveira:019.942.349-03 7",["2025-05-12T13:22:02-03:00","PREFEITURA MUNICIPAL DE ARAUC\u00c1RIA"]],["Gilmar Carlos Lisboa:786.651.249-34 9",["2025-05-12T15:04:00-03:00","PREFEITURA MUNICIPAL DE ARAUC\u00c1RIA"]],["Leandro Andrade Preto:034.842.229-64 8",["2025-05-12T13:46:56-03:00","PREFEITURA MUNICIPAL DE ARAUC\u00c1RIA"]],["Nilso Jose Vaz Torres:815.712.759-91 11",["2025-05-12T16:19:38-03:00","PREFEITURA MUNICIPAL DE ARAUC\u00c1RIA"]],["Olizandro Jos\u00e9 Ferreira Junior:071.523.359-90 4",["2025-05-12T11:11:34-03:00","PREFEITURA MUNICIPAL DE ARAUC\u00c1RIA"]],["Pedro Ferreira de Lima:633.689.869-53 2",["2025-05-12T10:14:39-03:00","PREFEITURA MUNICIPAL DE ARAUC\u00c1RIA"]],["Sebastiao Valter Fernandes:813.551.739-49 1",["2025-05-12T09:51:36-03:00","PREFEITURA MUNICIPAL DE ARAUC\u00c1RIA"]],["Vagner Jos\u00e9 Chefer:094.695.659-67 10",["2025-05-12T15:34:44-03:00","PREFEITURA MUNICIPAL DE ARAUC\u00c1RIA"]],["Vilson Cordeiro:037.688.759-11 3",["2025-05-12T11:00:09-03:00","PREFEITURA MUNICIPAL DE ARAUC\u00c1RIA"]]]},"upload_anexo":{"admin":[],"autores":[["Celso Nicacio da Silva:962.692.606-63 5",["2025-03-12T08:29:29-03:00","PREFEITURA MUNICIPAL DE ARAUC\u00c1RIA"]],["Fabio Rodrigo Pedroso:030.911.689-99 3",["2025-03-12T07:53:37-03:00","PREFEITURA MUNICIPAL DE ARAUC\u00c1RIA"]],["Francisco Paulo de Oliveira:019.942.349-03 10",["2025-03-13T09:13:40-03:00","PREFEITURA MUNICIPAL DE ARAUC\u00c1RIA"]],["Gilmar Carlos Lisboa:786.651.249-34 8",["2025-03-12T13:16:05-03:00","PREFEITURA MUNICIPAL DE ARAUC\u00c1RIA"]],["Nilso Jose Vaz Torres:815.712.759-91 9",["2025-03-12T13:33:31-03:00","PREFEITURA MUNICIPAL DE ARAUC\u00c1RIA"]],["Olizandro Jos\u00e9 Ferreira Junior:071.523.359-90 1",["2025-03-11T16:10:36-03:00","PREFEITURA MUNICIPAL DE ARAUC\u00c1RIA"]],["Pedro Ferreira de Lima:633.689.869-53 4",["2025-03-12T08:09:31-03:00","PREFEITURA MUNICIPAL DE ARAUC\u00c1RIA"]],["Sebastiao Valter Fernandes:813.551.739-49 2",["2025-03-11T16:47:52-03:00","PREFEITURA MUNICIPAL DE ARAUC\u00c1RIA"]],["Vagner Jos\u00e9 Chefer:094.695.659-67 7",["2025-03-12T11:23:18-03:00","PREFEITURA MUNICIPAL DE ARAUC\u00c1RIA"]],["Vilson Cordeiro:037.688.759-11 6",["2025-03-12T09:04:06-03:00","PREFEITURA MUNICIPAL DE ARAUC\u00c1RIA"]]]}}},"numero":107,"nome":"Comiss\u00f5es Permanentes","tema":"Diversos","data":"2025-03-11","hora_inicio":"14:00:00","hora_fim":"15:00:00","local_reuniao":"Diprole","observacao":"","url_audio":"","url_video":"","upload_pauta":"http://sapl.araucaria.pr.leg.br/media/sapl/public/reuniao/2535/pauta/pauta_11-03-2025.pdf","upload_ata":"http://sapl.araucaria.pr.leg.br/media/sapl/public/reuniao/2535/ata/ata_21-2025_errata.pdf","upload_anexo":"http://sapl.araucaria.pr.leg.br/media/sapl/public/reuniao/2535/anexo/ata_n_11-2025.pdf","periodo":42,"comissao":23}